{"id":1202,"date":"2023-11-05T08:41:24","date_gmt":"2023-11-05T07:41:24","guid":{"rendered":"https:\/\/maennerchor-dirlewang.de\/?p=1202"},"modified":"2026-02-15T22:39:06","modified_gmt":"2026-02-15T21:39:06","slug":"weinfest-2023-2","status":"publish","type":"post","link":"https:\/\/maennerchor-dirlewang.de\/?p=1202","title":{"rendered":"Weinfest 2023"},"content":{"rendered":"\n<p><strong>Beim Weinfest des Dirlewanger M\u00e4nnerchors stand den tiefen M\u00e4nnerstimmen der erfrischende Gesang des Unterallg\u00e4uer B\u00e4uerinnenchors gegen\u00fcber.<\/strong><\/p>\n\n\n\n<p>\u201eWir gr\u00fc\u00dfen euch mit frohem Klang\u201c, sang der M\u00e4nnerchor&nbsp;<a href=\"https:\/\/www.augsburger-allgemeine.de\/mindelheim\/ort\/Dirlewang\">Dirlewang<\/a>&nbsp;bei seinem diesj\u00e4hrigen Weinfest und diese Worte waren Programm. Zuletzt vor vier Jahren konnten die M\u00e4nner zum beliebten Jahreskonzert einladen und das Publikum erwartete voller Freude ein stimmliches Kontrastprogramm in der liebevoll geschm\u00fcckten Schulturnhalle. Die rund 20 M\u00e4nner hatten heuer als Gastchor die Unterallg\u00e4uer B\u00e4uerinnen eingeladen, die mit ihrem erfrischenden Gesang f\u00fcr viel Abwechslung sorgten.&nbsp;<\/p>\n\n\n\n<p>Dabei durfte nat\u00fcrlich ihre gesangliche Hommage an das sch\u00f6ne Unterallg\u00e4u nicht fehlen, denn die mehr als 25 Frauen kommen aus den unterschiedlichsten Flecken des Kreises. Spritzig und schlagfertig f\u00fchrten die Vorsitzende Irmgard Maier und Chorleiterin Sanni Risch durch ihre St\u00fccke und erfreuten die Zuh\u00f6rer nicht nur mit ihrem herrlichen Gesang. Begleitet von Akkordeon und Gitarre brachten sie Schwung in den Festsaal. Die flotte \u201eTritsch-Tratsch\u201c Polka oder \u201eSing mir eine Melodie\u201c, die sie dem M\u00e4nnerchor widmeten, wurde eifrig beklatscht.<\/p>\n\n\n\n<h3 class=\"wp-block-heading\">Dirlewanger M\u00e4nnerchor und Unterallg\u00e4uer B\u00e4uerinnenchor gemeinsam auf der B\u00fchne<\/h3>\n\n\n\n<figure class=\"wp-block-image size-large\"><img loading=\"lazy\" decoding=\"async\" width=\"1024\" height=\"683\" src=\"https:\/\/maennerchor-dirlewang.de\/wp-content\/uploads\/2024\/05\/IMG_9617-1024x683.jpg\" alt=\"\" class=\"wp-image-1204\" srcset=\"https:\/\/maennerchor-dirlewang.de\/wp-content\/uploads\/2024\/05\/IMG_9617-1024x683.jpg 1024w, https:\/\/maennerchor-dirlewang.de\/wp-content\/uploads\/2024\/05\/IMG_9617-300x200.jpg 300w, https:\/\/maennerchor-dirlewang.de\/wp-content\/uploads\/2024\/05\/IMG_9617-768x512.jpg 768w, https:\/\/maennerchor-dirlewang.de\/wp-content\/uploads\/2024\/05\/IMG_9617.jpg 1200w\" sizes=\"auto, (max-width: 1024px) 100vw, 1024px\" \/><\/figure>\n\n\n\n<p>Die tiefen M\u00e4nnerstimmen des M\u00e4nnerchors konnten dabei problemlos mithalten und auch sie brachten mit ihren typischen Trinkliedern Schunkelstimmung auf. Chorleiter Richard Hoffmann hat ein H\u00e4ndchen f\u00fcr die richtige St\u00fcckauswahl und mit Ludwig Salger am Klavier zeigten die M\u00e4nner, wie sch\u00f6n ein reiner M\u00e4nnerchor klingen kann. F\u00fcr Stimmung sorgte der Partyhit von Neil Diamond \u201eSweet Caroline\u201c, w\u00e4hrend sie mit dem gef\u00fchlvoll intonierten \u201eSo leb dein Leben\u201c, der deutschen Version von Frank Sinatras \u201eMy Way&#8220;, f\u00fcr G\u00e4nsehautmomente sorgten. Das Publikum erklatschte einige Zugaben und am Ende standen dann die beiden Ch\u00f6re gemeinsam auf der B\u00fchne und sangen das dramatische Klagelied \u201eBajazzo, warum bist du gekommen, wenn du schon wieder gehst\u201c. Helmut Gaspar sang dabei klangvoll, kraftvoll und nuancenreich seinen Solopart.<\/p>\n\n\n\n<p>Am Ende zeichneten der Vorsitzende Christian Zoller, Chorleiter Richard Hoffmann und der Zweite Vorsitzende Herbert Siegel vom S\u00e4ngerkreis Unterallg\u00e4u Richard Schweiger f\u00fcr 40 Jahre, Johann Irsigler f\u00fcr 50 Jahre und Anton Mayer f\u00fcr 65 Jahre Chorgesang mit einer Ehrenurkunde und der Ehrennadel aus. In seiner Laudatio ging Richard Hoffmann auf die drei Pers\u00f6nlichkeiten ein, die alle ihre Leidenschaft und Hingabe zum Chorgesang seit Jahrzehnten zum Ausdruck bringen und daf\u00fcr langanhaltenden Applaus ernteten. Am Ende des zweist\u00fcndigen Konzerts machten die S\u00e4ngerinnen und S\u00e4nger dann Platz f\u00fcr die Partyband \u201eFiredance\u201c, die das Publikum bis weit nach Mitternacht zum Tanzen aufforderte und bei gutem Wein und herzhaften Schmankerln f\u00fcr einen rundum gelungenen Abend sorgten.<\/p>\n\n\n\n<figure class=\"wp-block-image size-large\"><img loading=\"lazy\" decoding=\"async\" width=\"1024\" height=\"683\" src=\"https:\/\/maennerchor-dirlewang.de\/wp-content\/uploads\/2024\/05\/MaennerchorDirlewang_Ehrungen-1024x683.jpg\" alt=\"\" class=\"wp-image-1203\" srcset=\"https:\/\/maennerchor-dirlewang.de\/wp-content\/uploads\/2024\/05\/MaennerchorDirlewang_Ehrungen-1024x683.jpg 1024w, https:\/\/maennerchor-dirlewang.de\/wp-content\/uploads\/2024\/05\/MaennerchorDirlewang_Ehrungen-300x200.jpg 300w, https:\/\/maennerchor-dirlewang.de\/wp-content\/uploads\/2024\/05\/MaennerchorDirlewang_Ehrungen-768x512.jpg 768w, https:\/\/maennerchor-dirlewang.de\/wp-content\/uploads\/2024\/05\/MaennerchorDirlewang_Ehrungen.jpg 1200w\" sizes=\"auto, (max-width: 1024px) 100vw, 1024px\" \/><figcaption class=\"wp-element-caption\">Die Jubilare von links: Richard Schweiger (40 Jahre), Johann Irsigler (50 Jahre), Anton Mayer (65 Jahre). Zweiter von rechts: Herbert Siegel<\/figcaption><\/figure>\n","protected":false},"excerpt":{"rendered":"<p>Beim Weinfest des Dirlewanger M\u00e4nnerchors stand den tiefen M\u00e4nnerstimmen der erfrischende Gesang des Unterallg\u00e4uer B\u00e4uerinnenchors gegen\u00fcber. \u201eWir gr\u00fc\u00dfen euch mit frohem Klang\u201c, sang der M\u00e4nnerchor&nbsp;Dirlewang&nbsp;bei seinem diesj\u00e4hrigen Weinfest und diese Worte waren Programm. Zuletzt vor vier Jahren konnten die M\u00e4nner zum beliebten Jahreskonzert einladen und das Publikum erwartete voller Freude ein stimmliches Kontrastprogramm in der &hellip; <a href=\"https:\/\/maennerchor-dirlewang.de\/?p=1202\" class=\"more-link\"><span class=\"screen-reader-text\">Weinfest 2023<\/span> weiterlesen <span class=\"meta-nav\">&rarr;<\/span><\/a><\/p>\n","protected":false},"author":3,"featured_media":1207,"comment_status":"open","ping_status":"open","sticky":false,"template":"","format":"standard","meta":{"footnotes":""},"categories":[20],"tags":[],"class_list":["post-1202","post","type-post","status-publish","format-standard","has-post-thumbnail","hentry","category-veranstaltungen"],"_links":{"self":[{"href":"https:\/\/maennerchor-dirlewang.de\/index.php?rest_route=\/wp\/v2\/posts\/1202","targetHints":{"allow":["GET"]}}],"collection":[{"href":"https:\/\/maennerchor-dirlewang.de\/index.php?rest_route=\/wp\/v2\/posts"}],"about":[{"href":"https:\/\/maennerchor-dirlewang.de\/index.php?rest_route=\/wp\/v2\/types\/post"}],"author":[{"embeddable":true,"href":"https:\/\/maennerchor-dirlewang.de\/index.php?rest_route=\/wp\/v2\/users\/3"}],"replies":[{"embeddable":true,"href":"https:\/\/maennerchor-dirlewang.de\/index.php?rest_route=%2Fwp%2Fv2%2Fcomments&post=1202"}],"version-history":[{"count":1,"href":"https:\/\/maennerchor-dirlewang.de\/index.php?rest_route=\/wp\/v2\/posts\/1202\/revisions"}],"predecessor-version":[{"id":1208,"href":"https:\/\/maennerchor-dirlewang.de\/index.php?rest_route=\/wp\/v2\/posts\/1202\/revisions\/1208"}],"wp:featuredmedia":[{"embeddable":true,"href":"https:\/\/maennerchor-dirlewang.de\/index.php?rest_route=\/wp\/v2\/media\/1207"}],"wp:attachment":[{"href":"https:\/\/maennerchor-dirlewang.de\/index.php?rest_route=%2Fwp%2Fv2%2Fmedia&parent=1202"}],"wp:term":[{"taxonomy":"category","embeddable":true,"href":"https:\/\/maennerchor-dirlewang.de\/index.php?rest_route=%2Fwp%2Fv2%2Fcategories&post=1202"},{"taxonomy":"post_tag","embeddable":true,"href":"https:\/\/maennerchor-dirlewang.de\/index.php?rest_route=%2Fwp%2Fv2%2Ftags&post=1202"}],"curies":[{"name":"wp","href":"https:\/\/api.w.org\/{rel}","templated":true}]}}