{"id":196,"date":"2016-10-16T18:03:44","date_gmt":"2016-10-16T16:03:44","guid":{"rendered":"http:\/\/maennerchor-dirlewang.de\/?p=196"},"modified":"2017-01-29T13:06:02","modified_gmt":"2017-01-29T12:06:02","slug":"weinfest-2016","status":"publish","type":"post","link":"https:\/\/maennerchor-dirlewang.de\/?p=196","title":{"rendered":"Weinfest 2016"},"content":{"rendered":"<p>Am Samstag, 15. Oktober 2016 fand unser traditionelles Weinfest in der Turnhalle Dirlewang statt.<\/p>\n<p><!--more-->Zusammen mit unserem Gastchor, dem <a href=\"http:\/\/www.gesang.koengetried.de\/\" target=\"_blank\">Gesangverein K\u00f6ngetried <\/a>stellten wir wieder ein abwechslungsreiches Programm zusammen. Beide Ch\u00f6re \u00fcberzeugten das Publikum\u00a0mit ihren gesanglichen Darbietungen.<br \/>\nNach Ende des Chorprogramms lud die <a href=\"http:\/\/www.firedance-band.de\/\" target=\"_blank\">Firedance Band <\/a>zum Tanz ein und mit unseren G\u00e4sten feierten wir bis sp\u00e4t in die\u00a0 Nacht.<\/p>\n<p>Herzlichen Dank an die\u00a0vielen flei\u00dfigen Helfer, die\u00a0die Turnhalle geschm\u00fcckt hatten und im Saal, in der Schenke und in der K\u00fcche f\u00fcr einen reibungslosen Ablauf sorgten.<\/p>\n<p>Zum<a href=\"http:\/\/www.augsburger-allgemeine.de\/mindelheim\/Wie-das-Weinfest-ein-Fest-fuer-alle-Sinne-wurde-id39475552.html\" target=\"_blank\"> Bericht in der Mindelheimer Zeitung<\/a><\/p>\n","protected":false},"excerpt":{"rendered":"<p>Am Samstag, 15. Oktober 2016 fand unser traditionelles Weinfest in der Turnhalle Dirlewang statt.<\/p>\n","protected":false},"author":3,"featured_media":198,"comment_status":"open","ping_status":"open","sticky":false,"template":"","format":"standard","meta":{"footnotes":""},"categories":[1],"tags":[],"class_list":["post-196","post","type-post","status-publish","format-standard","has-post-thumbnail","hentry","category-uncategorized"],"_links":{"self":[{"href":"https:\/\/maennerchor-dirlewang.de\/index.php?rest_route=\/wp\/v2\/posts\/196","targetHints":{"allow":["GET"]}}],"collection":[{"href":"https:\/\/maennerchor-dirlewang.de\/index.php?rest_route=\/wp\/v2\/posts"}],"about":[{"href":"https:\/\/maennerchor-dirlewang.de\/index.php?rest_route=\/wp\/v2\/types\/post"}],"author":[{"embeddable":true,"href":"https:\/\/maennerchor-dirlewang.de\/index.php?rest_route=\/wp\/v2\/users\/3"}],"replies":[{"embeddable":true,"href":"https:\/\/maennerchor-dirlewang.de\/index.php?rest_route=%2Fwp%2Fv2%2Fcomments&post=196"}],"version-history":[{"count":4,"href":"https:\/\/maennerchor-dirlewang.de\/index.php?rest_route=\/wp\/v2\/posts\/196\/revisions"}],"predecessor-version":[{"id":232,"href":"https:\/\/maennerchor-dirlewang.de\/index.php?rest_route=\/wp\/v2\/posts\/196\/revisions\/232"}],"wp:featuredmedia":[{"embeddable":true,"href":"https:\/\/maennerchor-dirlewang.de\/index.php?rest_route=\/wp\/v2\/media\/198"}],"wp:attachment":[{"href":"https:\/\/maennerchor-dirlewang.de\/index.php?rest_route=%2Fwp%2Fv2%2Fmedia&parent=196"}],"wp:term":[{"taxonomy":"category","embeddable":true,"href":"https:\/\/maennerchor-dirlewang.de\/index.php?rest_route=%2Fwp%2Fv2%2Fcategories&post=196"},{"taxonomy":"post_tag","embeddable":true,"href":"https:\/\/maennerchor-dirlewang.de\/index.php?rest_route=%2Fwp%2Fv2%2Ftags&post=196"}],"curies":[{"name":"wp","href":"https:\/\/api.w.org\/{rel}","templated":true}]}}