{"id":726,"date":"2018-10-21T21:14:31","date_gmt":"2018-10-21T19:14:31","guid":{"rendered":"http:\/\/maennerchor-dirlewang.de\/?p=726"},"modified":"2020-01-08T21:11:59","modified_gmt":"2020-01-08T20:11:59","slug":"weinfest-208","status":"publish","type":"post","link":"https:\/\/maennerchor-dirlewang.de\/?p=726","title":{"rendered":"Weinfest 2018"},"content":{"rendered":"\n<p>Unser diesj\u00e4hriges Weinfest feierten wir am Samstag, 13. Oktober 2018 wie \u00fcblich in der Turnhalle Dirlewang.<\/p>\n\n\n\n<p>Nach 5 Jahren besuchten uns wieder &#8222;Querbeet&#8220; aus Sontheim. Unter der Leitung von Bernadette H\u00e4ring erfreuten die 8 S\u00e4ngerinnen und 5 S\u00e4nger uns und unser Publikum mit Hits wie &#8222;16 Tons&#8220; und Humorvollem wie &#8222;Wer hat an der Uhr gedreht?&#8220;. <br>Wir konnten als Besonderheiten mit einem Solo unseres 2. Basses Markus Mayrock aufwarten und wurden nicht nur wie gewohnt von Ludwig Salger am Piano unterst\u00fctzt, sondern bei &#8222;Diana&#8220; auch von Sophie Frey mit ihrem Saxophon.<\/p>\n\n\n\n<p>Anschlie\u00dfend spielte wieder die <a rel=\"noreferrer noopener\" href=\"http:\/\/www.firedance-band.de\/\" target=\"_blank\">Firedance Band <\/a>zum Tanz auf das Parkett wurde bis sp\u00e4t in die Nacht unsicher gemacht.<\/p>\n\n\n\n<p>Herzlichen Dank an die&nbsp;vielen flei\u00dfigen Helfer, die&nbsp;die Turnhalle geschm\u00fcckt hatten und im Saal, in der Schenke und in der K\u00fcche f\u00fcr einen reibungslosen Ablauf sorgten.<\/p>\n\n\n\n<p>Zum<a href=\"https:\/\/www.augsburger-allgemeine.de\/mindelheim\/Hoergenuss-querbeet-id52496701.html\" target=\"_blank\" rel=\"noreferrer noopener\" aria-label=\"Zum Bericht in der Mindelheimer Zeitung (\u00f6ffnet in neuem Tab)\"> Bericht in der Mindelheimer Zeitung<\/a><\/p>\n","protected":false},"excerpt":{"rendered":"<p>Unser diesj\u00e4hriges Weinfest feierten wir am Samstag, 13. Oktober 2018 wie \u00fcblich in der Turnhalle Dirlewang. Nach 5 Jahren besuchten uns wieder &#8222;Querbeet&#8220; aus Sontheim. Unter der Leitung von Bernadette H\u00e4ring erfreuten die 8 S\u00e4ngerinnen und 5 S\u00e4nger uns und unser Publikum mit Hits wie &#8222;16 Tons&#8220; und Humorvollem wie &#8222;Wer hat an der Uhr &hellip; <a href=\"https:\/\/maennerchor-dirlewang.de\/?p=726\" class=\"more-link\"><span class=\"screen-reader-text\">Weinfest 2018<\/span> weiterlesen <span class=\"meta-nav\">&rarr;<\/span><\/a><\/p>\n","protected":false},"author":3,"featured_media":715,"comment_status":"open","ping_status":"open","sticky":false,"template":"","format":"standard","meta":{"footnotes":""},"categories":[1],"tags":[],"class_list":["post-726","post","type-post","status-publish","format-standard","has-post-thumbnail","hentry","category-uncategorized"],"_links":{"self":[{"href":"https:\/\/maennerchor-dirlewang.de\/index.php?rest_route=\/wp\/v2\/posts\/726","targetHints":{"allow":["GET"]}}],"collection":[{"href":"https:\/\/maennerchor-dirlewang.de\/index.php?rest_route=\/wp\/v2\/posts"}],"about":[{"href":"https:\/\/maennerchor-dirlewang.de\/index.php?rest_route=\/wp\/v2\/types\/post"}],"author":[{"embeddable":true,"href":"https:\/\/maennerchor-dirlewang.de\/index.php?rest_route=\/wp\/v2\/users\/3"}],"replies":[{"embeddable":true,"href":"https:\/\/maennerchor-dirlewang.de\/index.php?rest_route=%2Fwp%2Fv2%2Fcomments&post=726"}],"version-history":[{"count":2,"href":"https:\/\/maennerchor-dirlewang.de\/index.php?rest_route=\/wp\/v2\/posts\/726\/revisions"}],"predecessor-version":[{"id":856,"href":"https:\/\/maennerchor-dirlewang.de\/index.php?rest_route=\/wp\/v2\/posts\/726\/revisions\/856"}],"wp:featuredmedia":[{"embeddable":true,"href":"https:\/\/maennerchor-dirlewang.de\/index.php?rest_route=\/wp\/v2\/media\/715"}],"wp:attachment":[{"href":"https:\/\/maennerchor-dirlewang.de\/index.php?rest_route=%2Fwp%2Fv2%2Fmedia&parent=726"}],"wp:term":[{"taxonomy":"category","embeddable":true,"href":"https:\/\/maennerchor-dirlewang.de\/index.php?rest_route=%2Fwp%2Fv2%2Fcategories&post=726"},{"taxonomy":"post_tag","embeddable":true,"href":"https:\/\/maennerchor-dirlewang.de\/index.php?rest_route=%2Fwp%2Fv2%2Ftags&post=726"}],"curies":[{"name":"wp","href":"https:\/\/api.w.org\/{rel}","templated":true}]}}