{"id":887,"date":"2021-07-25T11:32:45","date_gmt":"2021-07-25T09:32:45","guid":{"rendered":"http:\/\/maennerchor-dirlewang.de\/?p=887"},"modified":"2021-07-25T11:33:20","modified_gmt":"2021-07-25T09:33:20","slug":"jahreshauptversammlung-2021","status":"publish","type":"post","link":"https:\/\/maennerchor-dirlewang.de\/?p=887","title":{"rendered":"Jahreshauptversammlung 2021"},"content":{"rendered":"\n<figure class=\"wp-block-image size-large\"><img loading=\"lazy\" decoding=\"async\" width=\"1024\" height=\"768\" src=\"https:\/\/maennerchor-dirlewang.de\/wp-content\/uploads\/2021\/07\/20210719_211208_1760x1320-1024x768.jpg\" alt=\"\" class=\"wp-image-888\" srcset=\"https:\/\/maennerchor-dirlewang.de\/wp-content\/uploads\/2021\/07\/20210719_211208_1760x1320-1024x768.jpg 1024w, https:\/\/maennerchor-dirlewang.de\/wp-content\/uploads\/2021\/07\/20210719_211208_1760x1320-300x225.jpg 300w, https:\/\/maennerchor-dirlewang.de\/wp-content\/uploads\/2021\/07\/20210719_211208_1760x1320-768x576.jpg 768w, https:\/\/maennerchor-dirlewang.de\/wp-content\/uploads\/2021\/07\/20210719_211208_1760x1320-1536x1152.jpg 1536w, https:\/\/maennerchor-dirlewang.de\/wp-content\/uploads\/2021\/07\/20210719_211208_1760x1320.jpg 1760w\" sizes=\"auto, (max-width: 1024px) 100vw, 1024px\" \/><\/figure>\n\n\n\n<p>Auf rege Beteiligung stie\u00df die Jahreshauptversammlung  am 19. Juli 2021 im Musikerheim in Dirlewang.<br>Der Jahresr\u00fcckblick war bedingt durch Corona schnell geschehen. Bei den anschlie\u00dfenden Vorstandswahlen best\u00e4tigten die 25 anwesenden Mitglieder das bisherige Gremium f\u00fcr weitere 3 Jahre im Amt.<\/p>\n\n\n\n<p>H\u00f6hepunkt des Abends war die Auszeichnung von Rudolph Schaule f\u00fcr 60 Jahre aktiven Chorgesang. <\/p>\n","protected":false},"excerpt":{"rendered":"<p>Auf rege Beteiligung stie\u00df die Jahreshauptversammlung am 19. Juli 2021 im Musikerheim in Dirlewang.Der Jahresr\u00fcckblick war bedingt durch Corona schnell geschehen. Bei den anschlie\u00dfenden Vorstandswahlen best\u00e4tigten die 25 anwesenden Mitglieder das bisherige Gremium f\u00fcr weitere 3 Jahre im Amt. H\u00f6hepunkt des Abends war die Auszeichnung von Rudolph Schaule f\u00fcr 60 Jahre aktiven Chorgesang.<\/p>\n","protected":false},"author":3,"featured_media":0,"comment_status":"open","ping_status":"open","sticky":false,"template":"","format":"standard","meta":{"footnotes":""},"categories":[1],"tags":[],"class_list":["post-887","post","type-post","status-publish","format-standard","hentry","category-uncategorized"],"_links":{"self":[{"href":"https:\/\/maennerchor-dirlewang.de\/index.php?rest_route=\/wp\/v2\/posts\/887","targetHints":{"allow":["GET"]}}],"collection":[{"href":"https:\/\/maennerchor-dirlewang.de\/index.php?rest_route=\/wp\/v2\/posts"}],"about":[{"href":"https:\/\/maennerchor-dirlewang.de\/index.php?rest_route=\/wp\/v2\/types\/post"}],"author":[{"embeddable":true,"href":"https:\/\/maennerchor-dirlewang.de\/index.php?rest_route=\/wp\/v2\/users\/3"}],"replies":[{"embeddable":true,"href":"https:\/\/maennerchor-dirlewang.de\/index.php?rest_route=%2Fwp%2Fv2%2Fcomments&post=887"}],"version-history":[{"count":1,"href":"https:\/\/maennerchor-dirlewang.de\/index.php?rest_route=\/wp\/v2\/posts\/887\/revisions"}],"predecessor-version":[{"id":889,"href":"https:\/\/maennerchor-dirlewang.de\/index.php?rest_route=\/wp\/v2\/posts\/887\/revisions\/889"}],"wp:attachment":[{"href":"https:\/\/maennerchor-dirlewang.de\/index.php?rest_route=%2Fwp%2Fv2%2Fmedia&parent=887"}],"wp:term":[{"taxonomy":"category","embeddable":true,"href":"https:\/\/maennerchor-dirlewang.de\/index.php?rest_route=%2Fwp%2Fv2%2Fcategories&post=887"},{"taxonomy":"post_tag","embeddable":true,"href":"https:\/\/maennerchor-dirlewang.de\/index.php?rest_route=%2Fwp%2Fv2%2Ftags&post=887"}],"curies":[{"name":"wp","href":"https:\/\/api.w.org\/{rel}","templated":true}]}}